{"id":3686,"date":"2023-09-11T16:40:08","date_gmt":"2023-09-11T14:40:08","guid":{"rendered":"https:\/\/oryxexpertise.com\/?p=3686"},"modified":"2023-09-11T16:40:11","modified_gmt":"2023-09-11T14:40:11","slug":"projet-eolien-en-france","status":"publish","type":"post","link":"https:\/\/oryxexpertise.com\/en\/projet-eolien-en-france\/","title":{"rendered":"Projet \u00e9olien en France"},"content":{"rendered":"<p><\/p>\n\n\n\n<p><\/p>\n\n\n\n<div class=\"wp-block-media-text alignwide is-stacked-on-mobile\" style=\"grid-template-columns:51% auto\"><figure class=\"wp-block-media-text__media\"><img fetchpriority=\"high\" decoding=\"async\" width=\"728\" height=\"713\" src=\"https:\/\/oryxexpertise.com\/wp-content\/uploads\/2023\/09\/montage-photo.png\" alt=\"\" class=\"wp-image-3692 size-large\" srcset=\"https:\/\/oryxexpertise.com\/wp-content\/uploads\/2023\/09\/montage-photo.png 728w, https:\/\/oryxexpertise.com\/wp-content\/uploads\/2023\/09\/montage-photo-640x627.png 640w, https:\/\/oryxexpertise.com\/wp-content\/uploads\/2023\/09\/montage-photo-400x392.png 400w, https:\/\/oryxexpertise.com\/wp-content\/uploads\/2023\/09\/montage-photo-367x359.png 367w\" sizes=\"(max-width: 728px) 100vw, 728px\" \/><\/figure><div class=\"wp-block-media-text__content\">\n<p>En 2023, Oryx expertise prend part \u00e0 plusieurs \u00e9tudes en France dans le cadre de projets \u00e9oliens. Dans les C\u00f4tes-d&rsquo;Armor nous r\u00e9alisons un inventaire avifaune et un suivi mortalit\u00e9 pour accompagner les d\u00e9veloppeurs aux diff\u00e9rentes \u00e9tapes de la r\u00e9alisation de leurs projets.<br>Le terrain est toujours accompagn\u00e9 de surprises, comme ce chevreuil qui s&rsquo;est laiss\u00e9 observer entre deux relev\u00e9s oiseaux.<\/p>\n<\/div><\/div>\n\n\n\n<p><\/p>","protected":false},"excerpt":{"rendered":"<p>En 2023, Oryx expertise prend part \u00e0 plusieurs \u00e9tudes en France dans le cadre de projets \u00e9oliens. Dans les C\u00f4tes-d&rsquo;Armor nous r\u00e9alisons un inventaire avifaune et un suivi mortalit\u00e9 pour accompagner les d\u00e9veloppeurs aux diff\u00e9rentes \u00e9tapes de la r\u00e9alisation de leurs projets.Le terrain est toujours accompagn\u00e9 de surprises, comme ce chevreuil qui s&rsquo;est laiss\u00e9 observer [&hellip;]<\/p>\n","protected":false},"author":4,"featured_media":0,"comment_status":"open","ping_status":"open","sticky":false,"template":"","format":"standard","meta":{"footnotes":""},"categories":[124],"tags":[],"class_list":["post-3686","post","type-post","status-publish","format-standard","hentry","category-institutionnel"],"featured_image_src":{"landsacpe":false,"list":false,"medium":false,"full":false},"yoast_head":"<!-- This site is optimized with the Yoast SEO plugin v23.5 - https:\/\/yoast.com\/wordpress\/plugins\/seo\/ -->\n<title>Projet \u00e9olien en France - Oryx Expertise<\/title>\n<meta name=\"robots\" content=\"index, follow, max-snippet:-1, max-image-preview:large, max-video-preview:-1\" \/>\n<link rel=\"canonical\" href=\"https:\/\/oryxexpertise.com\/en\/projet-eolien-en-france\/\" \/>\n<meta property=\"og:locale\" content=\"en_GB\" \/>\n<meta property=\"og:type\" content=\"article\" \/>\n<meta property=\"og:title\" content=\"Projet \u00e9olien en France - Oryx Expertise\" \/>\n<meta property=\"og:description\" content=\"En 2023, Oryx expertise prend part \u00e0 plusieurs \u00e9tudes en France dans le cadre de projets \u00e9oliens. Dans les C\u00f4tes-d&rsquo;Armor nous r\u00e9alisons un inventaire avifaune et un suivi mortalit\u00e9 pour accompagner les d\u00e9veloppeurs aux diff\u00e9rentes \u00e9tapes de la r\u00e9alisation de leurs projets.Le terrain est toujours accompagn\u00e9 de surprises, comme ce chevreuil qui s&rsquo;est laiss\u00e9 observer [&hellip;]\" \/>\n<meta property=\"og:url\" content=\"https:\/\/oryxexpertise.com\/en\/projet-eolien-en-france\/\" \/>\n<meta property=\"og:site_name\" content=\"Oryx Expertise\" \/>\n<meta property=\"article:published_time\" content=\"2023-09-11T14:40:08+00:00\" \/>\n<meta property=\"article:modified_time\" content=\"2023-09-11T14:40:11+00:00\" \/>\n<meta property=\"og:image\" content=\"https:\/\/oryxexpertise.com\/wp-content\/uploads\/2023\/09\/montage-photo.png\" \/>\n<meta name=\"author\" content=\"Olivier Moreira\" \/>\n<meta name=\"twitter:card\" content=\"summary_large_image\" \/>\n<meta name=\"twitter:label1\" content=\"Written by\" \/>\n\t<meta name=\"twitter:data1\" content=\"Olivier Moreira\" \/>\n<script type=\"application\/ld+json\" class=\"yoast-schema-graph\">{\"@context\":\"https:\/\/schema.org\",\"@graph\":[{\"@type\":\"Article\",\"@id\":\"https:\/\/oryxexpertise.com\/projet-eolien-en-france\/#article\",\"isPartOf\":{\"@id\":\"https:\/\/oryxexpertise.com\/projet-eolien-en-france\/\"},\"author\":{\"name\":\"Olivier Moreira\",\"@id\":\"https:\/\/oryxexpertise.com\/#\/schema\/person\/85aa36d2d6df150fe62c60351c7ccc20\"},\"headline\":\"Projet \u00e9olien en France\",\"datePublished\":\"2023-09-11T14:40:08+00:00\",\"dateModified\":\"2023-09-11T14:40:11+00:00\",\"mainEntityOfPage\":{\"@id\":\"https:\/\/oryxexpertise.com\/projet-eolien-en-france\/\"},\"wordCount\":68,\"commentCount\":0,\"publisher\":{\"@id\":\"https:\/\/oryxexpertise.com\/#organization\"},\"image\":{\"@id\":\"https:\/\/oryxexpertise.com\/projet-eolien-en-france\/#primaryimage\"},\"thumbnailUrl\":\"https:\/\/oryxexpertise.com\/wp-content\/uploads\/2023\/09\/montage-photo.png\",\"articleSection\":[\"Institutionnel\"],\"inLanguage\":\"en-GB\",\"potentialAction\":[{\"@type\":\"CommentAction\",\"name\":\"Comment\",\"target\":[\"https:\/\/oryxexpertise.com\/projet-eolien-en-france\/#respond\"]}]},{\"@type\":\"WebPage\",\"@id\":\"https:\/\/oryxexpertise.com\/projet-eolien-en-france\/\",\"url\":\"https:\/\/oryxexpertise.com\/projet-eolien-en-france\/\",\"name\":\"Projet \u00e9olien en France - Oryx Expertise\",\"isPartOf\":{\"@id\":\"https:\/\/oryxexpertise.com\/#website\"},\"primaryImageOfPage\":{\"@id\":\"https:\/\/oryxexpertise.com\/projet-eolien-en-france\/#primaryimage\"},\"image\":{\"@id\":\"https:\/\/oryxexpertise.com\/projet-eolien-en-france\/#primaryimage\"},\"thumbnailUrl\":\"https:\/\/oryxexpertise.com\/wp-content\/uploads\/2023\/09\/montage-photo.png\",\"datePublished\":\"2023-09-11T14:40:08+00:00\",\"dateModified\":\"2023-09-11T14:40:11+00:00\",\"breadcrumb\":{\"@id\":\"https:\/\/oryxexpertise.com\/projet-eolien-en-france\/#breadcrumb\"},\"inLanguage\":\"en-GB\",\"potentialAction\":[{\"@type\":\"ReadAction\",\"target\":[\"https:\/\/oryxexpertise.com\/projet-eolien-en-france\/\"]}]},{\"@type\":\"ImageObject\",\"inLanguage\":\"en-GB\",\"@id\":\"https:\/\/oryxexpertise.com\/projet-eolien-en-france\/#primaryimage\",\"url\":\"https:\/\/oryxexpertise.com\/wp-content\/uploads\/2023\/09\/montage-photo.png\",\"contentUrl\":\"https:\/\/oryxexpertise.com\/wp-content\/uploads\/2023\/09\/montage-photo.png\"},{\"@type\":\"BreadcrumbList\",\"@id\":\"https:\/\/oryxexpertise.com\/projet-eolien-en-france\/#breadcrumb\",\"itemListElement\":[{\"@type\":\"ListItem\",\"position\":1,\"name\":\"Accueil\",\"item\":\"https:\/\/oryxexpertise.com\/\"},{\"@type\":\"ListItem\",\"position\":2,\"name\":\"Projet \u00e9olien en France\"}]},{\"@type\":\"WebSite\",\"@id\":\"https:\/\/oryxexpertise.com\/#website\",\"url\":\"https:\/\/oryxexpertise.com\/\",\"name\":\"Oryx Expertise\",\"description\":\"Pour la conservation inclusive de la biodiversit\u00e9 et des \u00e9cosyst\u00e8mes ORYX accompagne vos projets\",\"publisher\":{\"@id\":\"https:\/\/oryxexpertise.com\/#organization\"},\"potentialAction\":[{\"@type\":\"SearchAction\",\"target\":{\"@type\":\"EntryPoint\",\"urlTemplate\":\"https:\/\/oryxexpertise.com\/?s={search_term_string}\"},\"query-input\":{\"@type\":\"PropertyValueSpecification\",\"valueRequired\":true,\"valueName\":\"search_term_string\"}}],\"inLanguage\":\"en-GB\"},{\"@type\":\"Organization\",\"@id\":\"https:\/\/oryxexpertise.com\/#organization\",\"name\":\"Oryx Expertise\",\"url\":\"https:\/\/oryxexpertise.com\/\",\"logo\":{\"@type\":\"ImageObject\",\"inLanguage\":\"en-GB\",\"@id\":\"https:\/\/oryxexpertise.com\/#\/schema\/logo\/image\/\",\"url\":\"https:\/\/oryxexpertise.com\/wp-content\/uploads\/2022\/01\/LOGO-ORYX-EXPERTISE-e1674722111770.png\",\"contentUrl\":\"https:\/\/oryxexpertise.com\/wp-content\/uploads\/2022\/01\/LOGO-ORYX-EXPERTISE-e1674722111770.png\",\"width\":300,\"height\":150,\"caption\":\"Oryx Expertise\"},\"image\":{\"@id\":\"https:\/\/oryxexpertise.com\/#\/schema\/logo\/image\/\"},\"sameAs\":[\"https:\/\/www.linkedin.com\/company\/oryx-expertise-groupe\/\"]},{\"@type\":\"Person\",\"@id\":\"https:\/\/oryxexpertise.com\/#\/schema\/person\/85aa36d2d6df150fe62c60351c7ccc20\",\"name\":\"Olivier Moreira\",\"image\":{\"@type\":\"ImageObject\",\"inLanguage\":\"en-GB\",\"@id\":\"https:\/\/oryxexpertise.com\/#\/schema\/person\/image\/\",\"url\":\"https:\/\/secure.gravatar.com\/avatar\/fa0f7f8ca5e605062a6ea32dbfa2a62eda4e7be20e3025d8a000e3a463414431?s=96&d=mm&r=g\",\"contentUrl\":\"https:\/\/secure.gravatar.com\/avatar\/fa0f7f8ca5e605062a6ea32dbfa2a62eda4e7be20e3025d8a000e3a463414431?s=96&d=mm&r=g\",\"caption\":\"Olivier Moreira\"},\"url\":\"https:\/\/oryxexpertise.com\/en\/author\/olivier\/\"}]}<\/script>\n<!-- \/ Yoast SEO plugin. -->","yoast_head_json":{"title":"Projet \u00e9olien en France - Oryx Expertise","robots":{"index":"index","follow":"follow","max-snippet":"max-snippet:-1","max-image-preview":"max-image-preview:large","max-video-preview":"max-video-preview:-1"},"canonical":"https:\/\/oryxexpertise.com\/en\/projet-eolien-en-france\/","og_locale":"en_GB","og_type":"article","og_title":"Projet \u00e9olien en France - Oryx Expertise","og_description":"En 2023, Oryx expertise prend part \u00e0 plusieurs \u00e9tudes en France dans le cadre de projets \u00e9oliens. Dans les C\u00f4tes-d&rsquo;Armor nous r\u00e9alisons un inventaire avifaune et un suivi mortalit\u00e9 pour accompagner les d\u00e9veloppeurs aux diff\u00e9rentes \u00e9tapes de la r\u00e9alisation de leurs projets.Le terrain est toujours accompagn\u00e9 de surprises, comme ce chevreuil qui s&rsquo;est laiss\u00e9 observer [&hellip;]","og_url":"https:\/\/oryxexpertise.com\/en\/projet-eolien-en-france\/","og_site_name":"Oryx Expertise","article_published_time":"2023-09-11T14:40:08+00:00","article_modified_time":"2023-09-11T14:40:11+00:00","og_image":[{"url":"https:\/\/oryxexpertise.com\/wp-content\/uploads\/2023\/09\/montage-photo.png"}],"author":"Olivier Moreira","twitter_card":"summary_large_image","twitter_misc":{"Written by":"Olivier Moreira"},"schema":{"@context":"https:\/\/schema.org","@graph":[{"@type":"Article","@id":"https:\/\/oryxexpertise.com\/projet-eolien-en-france\/#article","isPartOf":{"@id":"https:\/\/oryxexpertise.com\/projet-eolien-en-france\/"},"author":{"name":"Olivier Moreira","@id":"https:\/\/oryxexpertise.com\/#\/schema\/person\/85aa36d2d6df150fe62c60351c7ccc20"},"headline":"Projet \u00e9olien en France","datePublished":"2023-09-11T14:40:08+00:00","dateModified":"2023-09-11T14:40:11+00:00","mainEntityOfPage":{"@id":"https:\/\/oryxexpertise.com\/projet-eolien-en-france\/"},"wordCount":68,"commentCount":0,"publisher":{"@id":"https:\/\/oryxexpertise.com\/#organization"},"image":{"@id":"https:\/\/oryxexpertise.com\/projet-eolien-en-france\/#primaryimage"},"thumbnailUrl":"https:\/\/oryxexpertise.com\/wp-content\/uploads\/2023\/09\/montage-photo.png","articleSection":["Institutionnel"],"inLanguage":"en-GB","potentialAction":[{"@type":"CommentAction","name":"Comment","target":["https:\/\/oryxexpertise.com\/projet-eolien-en-france\/#respond"]}]},{"@type":"WebPage","@id":"https:\/\/oryxexpertise.com\/projet-eolien-en-france\/","url":"https:\/\/oryxexpertise.com\/projet-eolien-en-france\/","name":"Projet \u00e9olien en France - Oryx Expertise","isPartOf":{"@id":"https:\/\/oryxexpertise.com\/#website"},"primaryImageOfPage":{"@id":"https:\/\/oryxexpertise.com\/projet-eolien-en-france\/#primaryimage"},"image":{"@id":"https:\/\/oryxexpertise.com\/projet-eolien-en-france\/#primaryimage"},"thumbnailUrl":"https:\/\/oryxexpertise.com\/wp-content\/uploads\/2023\/09\/montage-photo.png","datePublished":"2023-09-11T14:40:08+00:00","dateModified":"2023-09-11T14:40:11+00:00","breadcrumb":{"@id":"https:\/\/oryxexpertise.com\/projet-eolien-en-france\/#breadcrumb"},"inLanguage":"en-GB","potentialAction":[{"@type":"ReadAction","target":["https:\/\/oryxexpertise.com\/projet-eolien-en-france\/"]}]},{"@type":"ImageObject","inLanguage":"en-GB","@id":"https:\/\/oryxexpertise.com\/projet-eolien-en-france\/#primaryimage","url":"https:\/\/oryxexpertise.com\/wp-content\/uploads\/2023\/09\/montage-photo.png","contentUrl":"https:\/\/oryxexpertise.com\/wp-content\/uploads\/2023\/09\/montage-photo.png"},{"@type":"BreadcrumbList","@id":"https:\/\/oryxexpertise.com\/projet-eolien-en-france\/#breadcrumb","itemListElement":[{"@type":"ListItem","position":1,"name":"Accueil","item":"https:\/\/oryxexpertise.com\/"},{"@type":"ListItem","position":2,"name":"Projet \u00e9olien en France"}]},{"@type":"WebSite","@id":"https:\/\/oryxexpertise.com\/#website","url":"https:\/\/oryxexpertise.com\/","name":"Oryx expertise group","description":"Pour la conservation inclusive de la biodiversit\u00e9 et des \u00e9cosyst\u00e8mes ORYX accompagne vos projets","publisher":{"@id":"https:\/\/oryxexpertise.com\/#organization"},"potentialAction":[{"@type":"SearchAction","target":{"@type":"EntryPoint","urlTemplate":"https:\/\/oryxexpertise.com\/?s={search_term_string}"},"query-input":{"@type":"PropertyValueSpecification","valueRequired":true,"valueName":"search_term_string"}}],"inLanguage":"en-GB"},{"@type":"Organization","@id":"https:\/\/oryxexpertise.com\/#organization","name":"Oryx expertise group","url":"https:\/\/oryxexpertise.com\/","logo":{"@type":"ImageObject","inLanguage":"en-GB","@id":"https:\/\/oryxexpertise.com\/#\/schema\/logo\/image\/","url":"https:\/\/oryxexpertise.com\/wp-content\/uploads\/2022\/01\/LOGO-ORYX-EXPERTISE-e1674722111770.png","contentUrl":"https:\/\/oryxexpertise.com\/wp-content\/uploads\/2022\/01\/LOGO-ORYX-EXPERTISE-e1674722111770.png","width":300,"height":150,"caption":"Oryx Expertise"},"image":{"@id":"https:\/\/oryxexpertise.com\/#\/schema\/logo\/image\/"},"sameAs":["https:\/\/www.linkedin.com\/company\/oryx-expertise-groupe\/"]},{"@type":"Person","@id":"https:\/\/oryxexpertise.com\/#\/schema\/person\/85aa36d2d6df150fe62c60351c7ccc20","name":"Olivier Moreira","image":{"@type":"ImageObject","inLanguage":"en-GB","@id":"https:\/\/oryxexpertise.com\/#\/schema\/person\/image\/","url":"https:\/\/secure.gravatar.com\/avatar\/fa0f7f8ca5e605062a6ea32dbfa2a62eda4e7be20e3025d8a000e3a463414431?s=96&d=mm&r=g","contentUrl":"https:\/\/secure.gravatar.com\/avatar\/fa0f7f8ca5e605062a6ea32dbfa2a62eda4e7be20e3025d8a000e3a463414431?s=96&d=mm&r=g","caption":"Olivier Moreira"},"url":"https:\/\/oryxexpertise.com\/en\/author\/olivier\/"}]}},"_links":{"self":[{"href":"https:\/\/oryxexpertise.com\/en\/wp-json\/wp\/v2\/posts\/3686","targetHints":{"allow":["GET"]}}],"collection":[{"href":"https:\/\/oryxexpertise.com\/en\/wp-json\/wp\/v2\/posts"}],"about":[{"href":"https:\/\/oryxexpertise.com\/en\/wp-json\/wp\/v2\/types\/post"}],"author":[{"embeddable":true,"href":"https:\/\/oryxexpertise.com\/en\/wp-json\/wp\/v2\/users\/4"}],"replies":[{"embeddable":true,"href":"https:\/\/oryxexpertise.com\/en\/wp-json\/wp\/v2\/comments?post=3686"}],"version-history":[{"count":3,"href":"https:\/\/oryxexpertise.com\/en\/wp-json\/wp\/v2\/posts\/3686\/revisions"}],"predecessor-version":[{"id":3694,"href":"https:\/\/oryxexpertise.com\/en\/wp-json\/wp\/v2\/posts\/3686\/revisions\/3694"}],"wp:attachment":[{"href":"https:\/\/oryxexpertise.com\/en\/wp-json\/wp\/v2\/media?parent=3686"}],"wp:term":[{"taxonomy":"category","embeddable":true,"href":"https:\/\/oryxexpertise.com\/en\/wp-json\/wp\/v2\/categories?post=3686"},{"taxonomy":"post_tag","embeddable":true,"href":"https:\/\/oryxexpertise.com\/en\/wp-json\/wp\/v2\/tags?post=3686"}],"curies":[{"name":"wp","href":"https:\/\/api.w.org\/{rel}","templated":true}]}}